{"id":711565,"date":"2018-09-12T01:04:39","date_gmt":"2018-09-12T01:04:39","guid":{"rendered":"https:\/\/vestigaconsultores.com\/?p=711565"},"modified":"2021-05-12T01:24:18","modified_gmt":"2021-05-12T01:24:18","slug":"que-nivel-de-fuerza-debe-tener-amlo","status":"publish","type":"post","link":"https:\/\/vestigaconsultores.com\/en\/insights\/que-nivel-de-fuerza-debe-tener-amlo\/","title":{"rendered":"\u00bfQu\u00e9 nivel de fuerza debe tener AMLO?"},"content":{"rendered":"<p>12 de septiembre de 2018. A los l\u00edderes de empresa le preocupa, en t\u00e9rminos de su impacto en la sociedad, democracia y econom\u00eda del pa\u00eds el que un solo partido controle la Presidencia y el Congreso. Por ello, el 53% considera negativo ese hecho frente a s\u00f3lo 32% que lo ve positivamente.<\/p>\n<p><a href=\"https:\/\/vestigaconsultores.com\/en\/\">VESTIGA<\/a>, firma mexicana de consultor\u00eda en servicios de inteligencia de negocios, identific\u00f3 en su m\u00e1s reciente entrega del Estudio Nacional de Factores de Impacto en las Empresas que 61% de los encuestados considera que un Presidente fuerte mejorar\u00e1 la seguridad en el pa\u00eds.<\/p>\n<p>&nbsp;<\/p>\n<h3>Conoce los resultados de nuestros Estudio Nacional de Factores de Impacto en las Empresas, retomado por <a href=\"https:\/\/infochannel.info\/que-nivel-de-fuerza-debe-tener-amlo\/?mc_cid=a148677fe1&amp;mc_eid=1c549a014c\"><em>Info Channel<\/em><\/a>.<\/h3>","protected":false},"excerpt":{"rendered":"<p>12 de septiembre de 2018. A los l\u00edderes de empresa le preocupa, en t\u00e9rminos de su impacto en la sociedad, democracia y econom\u00eda del pa\u00eds el que un solo partido controle la Presidencia y el Congreso. Por ello, el 53% considera negativo ese hecho frente a s\u00f3lo 32% que lo [&hellip;]<\/p>","protected":false},"author":1,"featured_media":711566,"comment_status":"open","ping_status":"open","sticky":false,"template":"","format":"standard","meta":{"_mi_skip_tracking":false},"categories":[31],"tags":[],"yoast_head":"<!-- This site is optimized with the Yoast SEO plugin v16.1.1 - https:\/\/yoast.com\/wordpress\/plugins\/seo\/ -->\n<title>\u00bfQu\u00e9 nivel de fuerza debe tener AMLO? - Vestiga Consultores<\/title>\n<meta name=\"description\" content=\"A los l\u00edderes de empresas les preocupa que un solo partido controle la Presidencia y el Congreso con AMLO.\" \/>\n<link rel=\"canonical\" href=\"https:\/\/vestigaconsultores.com\/en\/insights\/que-nivel-de-fuerza-debe-tener-amlo\/\" \/>\n<meta property=\"og:locale\" content=\"en_US\" \/>\n<meta property=\"og:type\" content=\"article\" \/>\n<meta property=\"og:title\" content=\"\u00bfQu\u00e9 nivel de fuerza debe tener AMLO? - Vestiga Consultores\" \/>\n<meta property=\"og:description\" content=\"A los l\u00edderes de empresas les preocupa que un solo partido controle la Presidencia y el Congreso con AMLO.\" \/>\n<meta property=\"og:url\" content=\"https:\/\/vestigaconsultores.com\/en\/insights\/que-nivel-de-fuerza-debe-tener-amlo\/\" \/>\n<meta property=\"og:site_name\" content=\"Vestiga Consultores\" \/>\n<meta property=\"article:published_time\" content=\"2018-09-12T01:04:39+00:00\" \/>\n<meta property=\"article:modified_time\" content=\"2021-05-12T01:24:18+00:00\" \/>\n<meta property=\"og:image\" content=\"https:\/\/vestigaconsultores.com\/wp-content\/uploads\/2021\/05\/Diseno-sin-titulo47-1024x731.png\" \/>\n\t<meta property=\"og:image:width\" content=\"1024\" \/>\n\t<meta property=\"og:image:height\" content=\"731\" \/>\n<meta name=\"twitter:card\" content=\"summary_large_image\" \/>\n<meta name=\"twitter:label1\" content=\"Est. reading time\">\n\t<meta name=\"twitter:data1\" content=\"1 minute\">\n<script type=\"application\/ld+json\" class=\"yoast-schema-graph\">{\"@context\":\"https:\/\/schema.org\",\"@graph\":[{\"@type\":\"WebSite\",\"@id\":\"https:\/\/vestigaconsultores.com\/#website\",\"url\":\"https:\/\/vestigaconsultores.com\/\",\"name\":\"Vestiga Consultores\",\"description\":\"Consultor&iacute;a de Riesgo\",\"potentialAction\":[{\"@type\":\"SearchAction\",\"target\":\"https:\/\/vestigaconsultores.com\/?s={search_term_string}\",\"query-input\":\"required name=search_term_string\"}],\"inLanguage\":\"en-US\"},{\"@type\":\"ImageObject\",\"@id\":\"https:\/\/vestigaconsultores.com\/insights\/que-nivel-de-fuerza-debe-tener-amlo\/#primaryimage\",\"inLanguage\":\"en-US\",\"url\":\"https:\/\/vestigaconsultores.com\/wp-content\/uploads\/2021\/05\/Diseno-sin-titulo47.png\",\"contentUrl\":\"https:\/\/vestigaconsultores.com\/wp-content\/uploads\/2021\/05\/Diseno-sin-titulo47.png\",\"width\":2000,\"height\":1428,\"caption\":\"El 61% de los empresarios encuestados por VESTIGA considera que un Presidente fuerte mejorar\\u00e1 la seguridad.\"},{\"@type\":\"WebPage\",\"@id\":\"https:\/\/vestigaconsultores.com\/insights\/que-nivel-de-fuerza-debe-tener-amlo\/#webpage\",\"url\":\"https:\/\/vestigaconsultores.com\/insights\/que-nivel-de-fuerza-debe-tener-amlo\/\",\"name\":\"\\u00bfQu\\u00e9 nivel de fuerza debe tener AMLO? - Vestiga Consultores\",\"isPartOf\":{\"@id\":\"https:\/\/vestigaconsultores.com\/#website\"},\"primaryImageOfPage\":{\"@id\":\"https:\/\/vestigaconsultores.com\/insights\/que-nivel-de-fuerza-debe-tener-amlo\/#primaryimage\"},\"datePublished\":\"2018-09-12T01:04:39+00:00\",\"dateModified\":\"2021-05-12T01:24:18+00:00\",\"author\":{\"@id\":\"https:\/\/vestigaconsultores.com\/#\/schema\/person\/a5b1dafc37198f04ef09456e367b0e33\"},\"description\":\"A los l\\u00edderes de empresas les preocupa que un solo partido controle la Presidencia y el Congreso con AMLO.\",\"breadcrumb\":{\"@id\":\"https:\/\/vestigaconsultores.com\/insights\/que-nivel-de-fuerza-debe-tener-amlo\/#breadcrumb\"},\"inLanguage\":\"en-US\",\"potentialAction\":[{\"@type\":\"ReadAction\",\"target\":[\"https:\/\/vestigaconsultores.com\/insights\/que-nivel-de-fuerza-debe-tener-amlo\/\"]}]},{\"@type\":\"BreadcrumbList\",\"@id\":\"https:\/\/vestigaconsultores.com\/insights\/que-nivel-de-fuerza-debe-tener-amlo\/#breadcrumb\",\"itemListElement\":[{\"@type\":\"ListItem\",\"position\":1,\"item\":{\"@type\":\"WebPage\",\"@id\":\"https:\/\/vestigaconsultores.com\/\",\"url\":\"https:\/\/vestigaconsultores.com\/\",\"name\":\"Portada\"}},{\"@type\":\"ListItem\",\"position\":2,\"item\":{\"@type\":\"WebPage\",\"@id\":\"https:\/\/vestigaconsultores.com\/insights\/que-nivel-de-fuerza-debe-tener-amlo\/\",\"url\":\"https:\/\/vestigaconsultores.com\/insights\/que-nivel-de-fuerza-debe-tener-amlo\/\",\"name\":\"\\u00bfQu\\u00e9 nivel de fuerza debe tener AMLO?\"}}]},{\"@type\":\"Person\",\"@id\":\"https:\/\/vestigaconsultores.com\/#\/schema\/person\/a5b1dafc37198f04ef09456e367b0e33\",\"name\":\"admin\",\"image\":{\"@type\":\"ImageObject\",\"@id\":\"https:\/\/vestigaconsultores.com\/#personlogo\",\"inLanguage\":\"en-US\",\"url\":\"https:\/\/secure.gravatar.com\/avatar\/dcc4ac78c278dd7c47190d2c936a5501?s=96&d=mm&r=g\",\"contentUrl\":\"https:\/\/secure.gravatar.com\/avatar\/dcc4ac78c278dd7c47190d2c936a5501?s=96&d=mm&r=g\",\"caption\":\"admin\"},\"sameAs\":[\"https:\/\/vestigaconsultores.com\"]}]}<\/script>\n<!-- \/ Yoast SEO plugin. -->","_links":{"self":[{"href":"https:\/\/vestigaconsultores.com\/en\/wp-json\/wp\/v2\/posts\/711565"}],"collection":[{"href":"https:\/\/vestigaconsultores.com\/en\/wp-json\/wp\/v2\/posts"}],"about":[{"href":"https:\/\/vestigaconsultores.com\/en\/wp-json\/wp\/v2\/types\/post"}],"author":[{"embeddable":true,"href":"https:\/\/vestigaconsultores.com\/en\/wp-json\/wp\/v2\/users\/1"}],"replies":[{"embeddable":true,"href":"https:\/\/vestigaconsultores.com\/en\/wp-json\/wp\/v2\/comments?post=711565"}],"version-history":[{"count":2,"href":"https:\/\/vestigaconsultores.com\/en\/wp-json\/wp\/v2\/posts\/711565\/revisions"}],"predecessor-version":[{"id":711568,"href":"https:\/\/vestigaconsultores.com\/en\/wp-json\/wp\/v2\/posts\/711565\/revisions\/711568"}],"wp:featuredmedia":[{"embeddable":true,"href":"https:\/\/vestigaconsultores.com\/en\/wp-json\/wp\/v2\/media\/711566"}],"wp:attachment":[{"href":"https:\/\/vestigaconsultores.com\/en\/wp-json\/wp\/v2\/media?parent=711565"}],"wp:term":[{"taxonomy":"category","embeddable":true,"href":"https:\/\/vestigaconsultores.com\/en\/wp-json\/wp\/v2\/categories?post=711565"},{"taxonomy":"post_tag","embeddable":true,"href":"https:\/\/vestigaconsultores.com\/en\/wp-json\/wp\/v2\/tags?post=711565"}],"curies":[{"name":"wp","href":"https:\/\/api.w.org\/{rel}","templated":true}]}}